{"id":115,"date":"2010-07-28T18:29:22","date_gmt":"2010-07-28T18:29:22","guid":{"rendered":"http:\/\/blog.portrait-of-a-shadow.de\/?p=115"},"modified":"2011-12-28T17:29:54","modified_gmt":"2011-12-28T17:29:54","slug":"ordnung-ist-das-halbe-leben","status":"publish","type":"post","link":"http:\/\/blog.portrait-of-a-shadow.de\/?p=115","title":{"rendered":"Ordnung ist das halbe Leben&#8230;"},"content":{"rendered":"<div align=\"left\">\n<div>\n<div>\n<div>Ich bin ja ein kreativer Mensch und wie man wei\u00df, tendieren kreative Menschen zu \u00e4hm&#8230;einer flexiblen Raumgestaltung. Und weil mein M\u00e4nne ein guter Mann ist versucht er mir die Grundlagen der Ordnung nahe zubringen. Und weil ich ansich seiner Meinung bin wehre ich mich da auch nicht. Er sagt zb:&#8220;Wenn du etwas benutzt hast, r\u00e4um es doch einfach wieder dorthin, wo dus her hast&#8220; (erschreckend, dass mir solche Gedanken nicht von allein kommen)<\/div>\n<div>Ich steck da noch in den Kinderschuhen, aber ich bem\u00fche mich irgendwie ja doch ein nettes M\u00e4dchen zu sein und r\u00e4um auch mal was weg, wenn ich theoretisch lieber rum sitzten t\u00e4t. In der K\u00fcche klappt das ganz gut..manchmal&#8230;*G*<\/div>\n<div>Jedenfalls.<\/div>\n<div>Meinen Urlaub habe ich mit Mann und Kind verbracht, d.h., die letzten 14 Tage war ich zumindest tendenziell um mehr Ordentlichkeit bem\u00fcht, als ich es gewesen w\u00e4re, wenn ich allein f\u00fcr mich daheim gesessen w\u00e4r.<\/div>\n<div>Lange Rede*G*<\/div>\n<div>Der Mann und das Kind fuhren heute um 10 Uhr los zur\u00fcck Richtung Bochum und die Andrea geht hoch in ihre Wohnung. Dort besucht sie das Badezimmer und legt eine Halskette dorthin wohin sie geh\u00f6rt und r\u00e4umt Papier weg, stellt Duschgel auf den &#8218;Dort-steht-das-Duschgel&#8216;-Platz und schiebt die Zahnpaste in den Becher mit den Zahnb\u00fcrsten&#8230;und beim rausgehen, l\u00e4sst sie erst einen Hausschuhschlappen, einfach unterm gehen im Bad zur\u00fcck..und den zweiten Hausschuhschlappen dann mitten im Flur..mit einem leisen zufriedenen L\u00e4cheln auf dem Gesicht&#8230;weil sie das jetzt tun kann und keiner merkst&#8230;*G*<\/div>\n<\/div>\n<\/div>\n<\/div>\n","protected":false},"excerpt":{"rendered":"<p>Ich bin ja ein kreativer Mensch und wie man wei\u00df, tendieren kreative Menschen zu \u00e4hm&#8230;einer flexiblen Raumgestaltung. Und weil mein M\u00e4nne ein guter Mann ist versucht er mir die Grundlagen der Ordnung nahe zubringen. Und weil ich ansich seiner Meinung &hellip; <a href=\"http:\/\/blog.portrait-of-a-shadow.de\/?p=115\">Weiterlesen <span class=\"meta-nav\">&rarr;<\/span><\/a><\/p>\n","protected":false},"author":3,"featured_media":0,"comment_status":"open","ping_status":"open","sticky":false,"template":"","format":"standard","meta":{"footnotes":""},"categories":[13],"tags":[],"class_list":["post-115","post","type-post","status-publish","format-standard","hentry","category-alles-nichts-oder"],"_links":{"self":[{"href":"http:\/\/blog.portrait-of-a-shadow.de\/index.php?rest_route=\/wp\/v2\/posts\/115","targetHints":{"allow":["GET"]}}],"collection":[{"href":"http:\/\/blog.portrait-of-a-shadow.de\/index.php?rest_route=\/wp\/v2\/posts"}],"about":[{"href":"http:\/\/blog.portrait-of-a-shadow.de\/index.php?rest_route=\/wp\/v2\/types\/post"}],"author":[{"embeddable":true,"href":"http:\/\/blog.portrait-of-a-shadow.de\/index.php?rest_route=\/wp\/v2\/users\/3"}],"replies":[{"embeddable":true,"href":"http:\/\/blog.portrait-of-a-shadow.de\/index.php?rest_route=%2Fwp%2Fv2%2Fcomments&post=115"}],"version-history":[{"count":4,"href":"http:\/\/blog.portrait-of-a-shadow.de\/index.php?rest_route=\/wp\/v2\/posts\/115\/revisions"}],"predecessor-version":[{"id":401,"href":"http:\/\/blog.portrait-of-a-shadow.de\/index.php?rest_route=\/wp\/v2\/posts\/115\/revisions\/401"}],"wp:attachment":[{"href":"http:\/\/blog.portrait-of-a-shadow.de\/index.php?rest_route=%2Fwp%2Fv2%2Fmedia&parent=115"}],"wp:term":[{"taxonomy":"category","embeddable":true,"href":"http:\/\/blog.portrait-of-a-shadow.de\/index.php?rest_route=%2Fwp%2Fv2%2Fcategories&post=115"},{"taxonomy":"post_tag","embeddable":true,"href":"http:\/\/blog.portrait-of-a-shadow.de\/index.php?rest_route=%2Fwp%2Fv2%2Ftags&post=115"}],"curies":[{"name":"wp","href":"https:\/\/api.w.org\/{rel}","templated":true}]}}